{"id":3478,"date":"2024-09-21T21:30:21","date_gmt":"2024-09-21T21:30:21","guid":{"rendered":"https:\/\/aydinteker.com\/?p=3478"},"modified":"2025-10-09T06:06:24","modified_gmt":"2025-10-09T06:06:24","slug":"uc-faz","status":"publish","type":"post","link":"https:\/\/aydinteker.com\/tr\/uc-faz\/","title":{"rendered":"\u00dc\u00e7 Faz"},"content":{"rendered":"<div data-elementor-type=\"wp-post\" data-elementor-id=\"3478\" class=\"elementor elementor-3478\">\n\t\t\t\t<div class=\"elementor-element elementor-element-64d7f03 e-grid e-con-boxed e-con e-parent\" data-id=\"64d7f03\" data-element_type=\"container\" data-e-type=\"container\">\n\t\t\t\t\t<div class=\"e-con-inner\">\n\t\t\t\t<div class=\"elementor-element elementor-element-01f1fa8 elementor-widget elementor-widget-text-editor\" data-id=\"01f1fa8\" data-element_type=\"widget\" data-e-type=\"widget\" data-widget_type=\"text-editor.default\">\n\t\t\t\t<div class=\"elementor-widget-container\">\n\t\t\t\t\t\t\t\t\t<p>Ayd\u0131n Teker\u2019in \u00dc\u00e7 Faz (2013) isimli \u00e7al\u0131\u015fmas\u0131nda platformlar\u0131n ve mekan\u0131n kullan\u0131m\u0131yla karma\u015f\u0131k mimari ili\u015fkiler meydana geliyor. Bedenin ko\u015fullar\u0131 hareketli platformlar arac\u0131l\u0131\u011f\u0131yla de\u011fi\u015fen d\u00fczlemlerde sorgulan\u0131yor. Canl\u0131 bir performans\u0131n dok\u00fcmantasyonu olan bu filmde iki kad\u0131n dans\u00e7\u0131 riskli durumlarda bir araya gelerek tiyatral olmayan soyut bir anlat\u0131 olu\u015fturuyor.<\/p><p>Konsept ve Koreografi:\u00a0Ayd\u0131n Teker<br \/>Yarat\u0131c\u0131 Dans\u00e7\u0131lar:\u00a0Bilge S\u00fcrmeli, Irmak Alt\u0131nbulak<br \/>Kost\u00fcm:\u00a0Ay\u015feg\u00fcl Alev<br \/>Platform Tasar\u0131m\u0131:\u00a0Bereket Ulu\u015fahin<br \/>S\u00fcre: 40\u2019<\/p>\t\t\t\t\t\t\t\t<\/div>\n\t\t\t\t<\/div>\n\t\t\t\t\t<\/div>\n\t\t\t\t<\/div>\n\t\t\t\t<\/div>","protected":false},"excerpt":{"rendered":"<p>Ayd\u0131n Teker\u2019in \u00dc\u00e7 Faz (2013) isimli \u00e7al\u0131\u015fmas\u0131nda platformlar\u0131n ve mekan\u0131n kullan\u0131m\u0131yla karma\u015f\u0131k mimari ili\u015fkiler meydana geliyor. Bedenin ko\u015fullar\u0131 hareketli platformlar arac\u0131l\u0131\u011f\u0131yla de\u011fi\u015fen d\u00fczlemlerde sorgulan\u0131yor. Canl\u0131 bir performans\u0131n dok\u00fcmantasyonu olan bu filmde iki kad\u0131n dans\u00e7\u0131 riskli durumlarda bir araya gelerek tiyatral olmayan soyut bir anlat\u0131 olu\u015fturuyor. Konsept ve Koreografi:\u00a0Ayd\u0131n TekerYarat\u0131c\u0131 Dans\u00e7\u0131lar:\u00a0Bilge S\u00fcrmeli, Irmak Alt\u0131nbulakKost\u00fcm:\u00a0Ay\u015feg\u00fcl AlevPlatform Tasar\u0131m\u0131:\u00a0Bereket&#8230;<\/p>","protected":false},"author":1,"featured_media":3480,"comment_status":"closed","ping_status":"open","sticky":false,"template":"","format":"standard","meta":{"footnotes":""},"categories":[83],"tags":[92],"class_list":["post-3478","post","type-post","status-publish","format-standard","has-post-thumbnail","hentry","category-agenda","tag-guncel-ajanda"],"_links":{"self":[{"href":"https:\/\/aydinteker.com\/tr\/wp-json\/wp\/v2\/posts\/3478","targetHints":{"allow":["GET"]}}],"collection":[{"href":"https:\/\/aydinteker.com\/tr\/wp-json\/wp\/v2\/posts"}],"about":[{"href":"https:\/\/aydinteker.com\/tr\/wp-json\/wp\/v2\/types\/post"}],"author":[{"embeddable":true,"href":"https:\/\/aydinteker.com\/tr\/wp-json\/wp\/v2\/users\/1"}],"replies":[{"embeddable":true,"href":"https:\/\/aydinteker.com\/tr\/wp-json\/wp\/v2\/comments?post=3478"}],"version-history":[{"count":10,"href":"https:\/\/aydinteker.com\/tr\/wp-json\/wp\/v2\/posts\/3478\/revisions"}],"predecessor-version":[{"id":4549,"href":"https:\/\/aydinteker.com\/tr\/wp-json\/wp\/v2\/posts\/3478\/revisions\/4549"}],"wp:featuredmedia":[{"embeddable":true,"href":"https:\/\/aydinteker.com\/tr\/wp-json\/wp\/v2\/media\/3480"}],"wp:attachment":[{"href":"https:\/\/aydinteker.com\/tr\/wp-json\/wp\/v2\/media?parent=3478"}],"wp:term":[{"taxonomy":"category","embeddable":true,"href":"https:\/\/aydinteker.com\/tr\/wp-json\/wp\/v2\/categories?post=3478"},{"taxonomy":"post_tag","embeddable":true,"href":"https:\/\/aydinteker.com\/tr\/wp-json\/wp\/v2\/tags?post=3478"}],"curies":[{"name":"wp","href":"https:\/\/api.w.org\/{rel}","templated":true}]}}