{"id":3469,"date":"2024-09-21T21:30:14","date_gmt":"2024-09-21T21:30:14","guid":{"rendered":"https:\/\/aydinteker.com\/?p=3469"},"modified":"2025-08-16T08:39:48","modified_gmt":"2025-08-16T08:39:48","slug":"renewal","status":"publish","type":"post","link":"https:\/\/aydinteker.com\/tr\/renewal\/","title":{"rendered":"Renewal"},"content":{"rendered":"<div data-elementor-type=\"wp-post\" data-elementor-id=\"3469\" class=\"elementor elementor-3469\">\n\t\t\t\t<div class=\"elementor-element elementor-element-5384962 e-grid e-con-boxed e-con e-parent\" data-id=\"5384962\" data-element_type=\"container\" data-e-type=\"container\">\n\t\t\t\t\t<div class=\"e-con-inner\">\n\t\t\t\t<div class=\"elementor-element elementor-element-078bd5c elementor-widget elementor-widget-text-editor\" data-id=\"078bd5c\" data-element_type=\"widget\" data-e-type=\"widget\" data-widget_type=\"text-editor.default\">\n\t\t\t\t<div class=\"elementor-widget-container\">\n\t\t\t\t\t\t\t\t\t<p>Theater Speaktakel \u00d6zel \u00d6d\u00fcl\u2019l\u00fc Yo\u011funluk (2001) adl\u0131 koreografisinde yer alan Renewal (2001) isimli videoda Ayd\u0131n Teker; i\u011fne ipli\u011fe \u201codak\u201dlan\u0131yor. Bedendeki yerle\u015fik konsantrasyon ve kapasitelerin s\u0131n\u0131rlar\u0131n\u0131 ziyaret eden \u00e7al\u0131\u015fma koreograf\u0131n minimalist sanatsal yakla\u015f\u0131m\u0131nda \u00f6nemli bir yer tutuyor.<\/p><p>Konsept: Ayd\u0131n Teker<br \/>Y\u00f6netmen ve G\u00f6r\u00fcnt\u00fc Y\u00f6netmeni:\u00a0Aras Demiray<br \/>M\u00fczik:\u00a0Nick Rothwell<br \/>Kurgu:\u00a0Ru\u015fen Da\u011fhan<br \/>Kamera Operat\u00f6r\u00fc:\u00a0Cem G\u00f6rge\u00e7<br \/>S\u00fcperviz\u00f6r Asistan\u0131:\u00a0Dilek Y\u0131ld\u0131r\u0131m<br \/>Prod\u00fcksiyon Asistan\u0131:\u00a0Harun \u00d6z\u00fcbelli<br \/>Performans: \u00c7a\u011fr\u0131 Teker, Tu\u011f\u00e7e Ulug\u00fcn Tuna, Zeynep \u00dcre, Simon Telvi, Nil Telvi,<br \/>Y\u0131lmaz Zenger, Harun \u00d6z\u00fcbelli, Cenk Bo\u011fatur, Ahmet A\u011fgez, Cem G\u00f6rge\u00e7, Ayd\u0131n Teker<br \/>S\u00fcre: 7\u201942<\/p>\t\t\t\t\t\t\t\t<\/div>\n\t\t\t\t<\/div>\n\t\t\t\t\t<\/div>\n\t\t\t\t<\/div>\n\t\t\t\t<\/div>","protected":false},"excerpt":{"rendered":"<p>Theater Speaktakel \u00d6zel \u00d6d\u00fcl\u2019l\u00fc Yo\u011funluk (2001) adl\u0131 koreografisinde yer alan Renewal (2001) isimli videoda Ayd\u0131n Teker; i\u011fne ipli\u011fe \u201codak\u201dlan\u0131yor. Bedendeki yerle\u015fik konsantrasyon ve kapasitelerin s\u0131n\u0131rlar\u0131n\u0131 ziyaret eden \u00e7al\u0131\u015fma koreograf\u0131n minimalist sanatsal yakla\u015f\u0131m\u0131nda \u00f6nemli bir yer tutuyor. Konsept: Ayd\u0131n TekerY\u00f6netmen ve G\u00f6r\u00fcnt\u00fc Y\u00f6netmeni:\u00a0Aras DemirayM\u00fczik:\u00a0Nick RothwellKurgu:\u00a0Ru\u015fen Da\u011fhanKamera Operat\u00f6r\u00fc:\u00a0Cem G\u00f6rge\u00e7S\u00fcperviz\u00f6r Asistan\u0131:\u00a0Dilek Y\u0131ld\u0131r\u0131mProd\u00fcksiyon Asistan\u0131:\u00a0Harun \u00d6z\u00fcbelliPerformans: \u00c7a\u011fr\u0131 Teker, Tu\u011f\u00e7e Ulug\u00fcn&#8230;<\/p>","protected":false},"author":1,"featured_media":3471,"comment_status":"closed","ping_status":"open","sticky":false,"template":"","format":"standard","meta":{"footnotes":""},"categories":[83],"tags":[],"class_list":["post-3469","post","type-post","status-publish","format-standard","has-post-thumbnail","hentry","category-agenda"],"_links":{"self":[{"href":"https:\/\/aydinteker.com\/tr\/wp-json\/wp\/v2\/posts\/3469","targetHints":{"allow":["GET"]}}],"collection":[{"href":"https:\/\/aydinteker.com\/tr\/wp-json\/wp\/v2\/posts"}],"about":[{"href":"https:\/\/aydinteker.com\/tr\/wp-json\/wp\/v2\/types\/post"}],"author":[{"embeddable":true,"href":"https:\/\/aydinteker.com\/tr\/wp-json\/wp\/v2\/users\/1"}],"replies":[{"embeddable":true,"href":"https:\/\/aydinteker.com\/tr\/wp-json\/wp\/v2\/comments?post=3469"}],"version-history":[{"count":13,"href":"https:\/\/aydinteker.com\/tr\/wp-json\/wp\/v2\/posts\/3469\/revisions"}],"predecessor-version":[{"id":4555,"href":"https:\/\/aydinteker.com\/tr\/wp-json\/wp\/v2\/posts\/3469\/revisions\/4555"}],"wp:featuredmedia":[{"embeddable":true,"href":"https:\/\/aydinteker.com\/tr\/wp-json\/wp\/v2\/media\/3471"}],"wp:attachment":[{"href":"https:\/\/aydinteker.com\/tr\/wp-json\/wp\/v2\/media?parent=3469"}],"wp:term":[{"taxonomy":"category","embeddable":true,"href":"https:\/\/aydinteker.com\/tr\/wp-json\/wp\/v2\/categories?post=3469"},{"taxonomy":"post_tag","embeddable":true,"href":"https:\/\/aydinteker.com\/tr\/wp-json\/wp\/v2\/tags?post=3469"}],"curies":[{"name":"wp","href":"https:\/\/api.w.org\/{rel}","templated":true}]}}